{"id":10065,"date":"2019-10-21T19:38:00","date_gmt":"2019-10-21T22:38:00","guid":{"rendered":"https:\/\/fadeu.urantiacos.cl\/?p=10065"},"modified":"2023-09-14T19:40:17","modified_gmt":"2023-09-14T22:40:17","slug":"decanato-informa-6","status":"publish","type":"post","link":"https:\/\/fadeu.urantiacos.cl\/en\/2019\/10\/21\/decanato-informa-6\/","title":{"rendered":"Decanato Informa 6"},"content":{"rendered":"\n<figure class=\"wp-block-image size-full\"><img decoding=\"async\" width=\"350\" height=\"250\" src=\"https:\/\/fadeu.urantiacos.cl\/wp-content\/uploads\/2023\/09\/DECANATO_web2-2.jpg\" alt=\"\" class=\"wp-image-10066\" srcset=\"https:\/\/fadeu.urantiacos.cl\/wp-content\/uploads\/2023\/09\/DECANATO_web2-2.jpg 350w, https:\/\/fadeu.urantiacos.cl\/wp-content\/uploads\/2023\/09\/DECANATO_web2-2-300x214.jpg 300w\" sizes=\"(max-width: 350px) 100vw, 350px\" \/><\/figure>\n\n\n\n<p>1. Respetamos las libertades personales de los ciudadanos y ciudadanas de manifestar su descontento en diversas convocatorias abiertas en el espacio p\u00fablico, y hacemos un llamado a la paz social y a la calma. Como se ha mencionado, creemos que genuinamente estas manifestaciones constituyen un derecho, m\u00e1s a\u00fan para un importante sector del pa\u00eds con altas necesidades y carest\u00edas. Ello, por supuesto, condenando en\u00e9rgicamente los destrozos a los bienes p\u00fablicos y privados que se han generado, as\u00ed como los actos de violencia entre ciudadanos, que no hacen m\u00e1s que fracturar profundamente nuestra convivencia y la sana cotidianidad de quienes dependemos de los bienes de la ciudad.<\/p>\n\n\n\n<p>2. En caso de aquellos estudiantes que quieran manifestarse, nuestro llamado es hacerlo pac\u00edficamente y con tranquilidad, sin exponer su integridad f\u00edsica ni la de sus compa\u00f1eros\/as. Creemos firmemente que un estudiante debe estar comprometido con su acontecer social, y con los principios de una sociedad m\u00e1s equitativa, igualitaria, y justa.<\/p>\n\n\n\n<p>3. Tambi\u00e9n manifestamos nuestra solidaridad con el estamento administrativo, auxiliar y profesional. Como Decanato queremos agradecerles su entrega preocupaci\u00f3n e irrenunciable compromiso con la FADEU. Al mismo tiempo los llamamos a la tranquilidad, reiter\u00e1ndoles que todos aquellos casos de atrasos y dificultades para llegar al Campus una vez normalizadas las actividades, ser\u00e1n justificados, atendiendo la complejidad que se presenta actualmente con el transporte p\u00fablico. Comprendemos profundamente la situaci\u00f3n que hoy les puede estar aconteciendo.<\/p>\n\n\n\n<p>4. A trav\u00e9s de la Direcci\u00f3n de Extensi\u00f3n y Comunicaciones de la Facultad, se coordinar\u00e1n jornadas de discusi\u00f3n y reflexi\u00f3n respecto de lo que est\u00e1 sucediendo en el pa\u00eds y, sobre todo, respecto de c\u00f3mo, desde nuestras disciplinas y saberes, podemos aportar a mejorar el clima social, y contribuir con la generaci\u00f3n de pol\u00edticas que propendan al bienestar social y a la equidad.<\/p>\n\n\n\n<p>Desde nuestro seno acad\u00e9mico podemos ser parte activa de las soluciones, enriqueciendo el di\u00e1logo y aportando con la experiencia de nuestros acad\u00e9micos\/as, funcionarios\/as y estudiantes.<\/p>\n\n\n\n<p>5. Informamos oficialmente a todo los estudiantes, acad\u00e9micos, administrativos y profesionales que el campus Lo Contador permanecer\u00e1 igualmente cerrado durante ma\u00f1ana martes 22 de octubre, por lo tanto, no deber\u00e1n asistir al Campus. Asimismo, durante la jornada de ma\u00f1ana, informaremos oportunamente si esta situaci\u00f3n se repite durante la jornada del mi\u00e9rcoles 23 o si se retoman normalmente las actividades.<\/p>\n\n\n\n<p>Atentamente,<\/p>\n\n\n\n<p>Mario Ubilla S.<\/p>\n\n\n\n<p>Decano<\/p>\n\n\n\n<p>Facultad de Arquitectura, Dise\u00f1o y Estudios Urbanos<\/p>\n","protected":false},"excerpt":{"rendered":"<p>Estimada comunidad FADEU:<\/p>\n<p>Como Decanato de la Facultad de Arquitectura, Dise\u00f1o y Estudios Urbanos de la Universidad Cat\u00f3lica, no estamos ajenos a la situaci\u00f3n que aqueja hoy a la regi\u00f3n Metropolitana y a gran parte del pa\u00eds y, por ello, queremos compartir con ustedes la siguiente informaci\u00f3n:<\/p>\n","protected":false},"author":1,"featured_media":10066,"comment_status":"open","ping_status":"open","sticky":false,"template":"","format":"standard","meta":{"_acf_changed":false,"footnotes":""},"categories":[1],"tags":[],"class_list":["post-10065","post","type-post","status-publish","format-standard","has-post-thumbnail","hentry","category-sin-categorizar"],"acf":[],"yoast_head":"<!-- This site is optimized with the Yoast SEO plugin v27.1.1 - https:\/\/yoast.com\/product\/yoast-seo-wordpress\/ -->\n<title>Decanato Informa 6 - Facultad de Arquitectura, Dise\u00f1o y Estudios Urbanos<\/title>\n<meta name=\"description\" content=\"Estimada comunidad FADEU: Como Decanato de la Facultad de Arquitectura, Dise\u00f1o y Estudios Urbanos de la Universidad Cat\u00f3lica, no estamos ajenos a la situaci\u00f3n que aqueja hoy a la regi\u00f3n Metropolitana y a gran parte del pa\u00eds y, por ello, queremos compartir con ustedes la siguiente informaci\u00f3n:\" \/>\n<meta name=\"robots\" content=\"index, follow, max-snippet:-1, max-image-preview:large, max-video-preview:-1\" \/>\n<link rel=\"canonical\" href=\"https:\/\/fadeu.urantiacos.cl\/en\/2019\/10\/21\/decanato-informa-6\/\" \/>\n<meta property=\"og:locale\" content=\"en_US\" \/>\n<meta property=\"og:type\" content=\"article\" \/>\n<meta property=\"og:title\" content=\"Decanato Informa 6 - Facultad de Arquitectura, Dise\u00f1o y Estudios Urbanos\" \/>\n<meta property=\"og:description\" content=\"Estimada comunidad FADEU: Como Decanato de la Facultad de Arquitectura, Dise\u00f1o y Estudios Urbanos de la Universidad Cat\u00f3lica, no estamos ajenos a la situaci\u00f3n que aqueja hoy a la regi\u00f3n Metropolitana y a gran parte del pa\u00eds y, por ello, queremos compartir con ustedes la siguiente informaci\u00f3n:\" \/>\n<meta property=\"og:url\" content=\"https:\/\/fadeu.urantiacos.cl\/en\/2019\/10\/21\/decanato-informa-6\/\" \/>\n<meta property=\"og:site_name\" content=\"Facultad de Arquitectura, Dise\u00f1o y Estudios Urbanos\" \/>\n<meta property=\"article:published_time\" content=\"2019-10-21T22:38:00+00:00\" \/>\n<meta property=\"article:modified_time\" content=\"2023-09-14T22:40:17+00:00\" \/>\n<meta property=\"og:image\" content=\"https:\/\/fadeu.urantiacos.cl\/wp-content\/uploads\/2023\/09\/DECANATO_web2-2.jpg\" \/>\n\t<meta property=\"og:image:width\" content=\"350\" \/>\n\t<meta property=\"og:image:height\" content=\"250\" \/>\n\t<meta property=\"og:image:type\" content=\"image\/jpeg\" \/>\n<meta name=\"author\" content=\"manadmin\" \/>\n<meta name=\"twitter:card\" content=\"summary_large_image\" \/>\n<meta name=\"twitter:label1\" content=\"Written by\" \/>\n\t<meta name=\"twitter:data1\" content=\"manadmin\" \/>\n\t<meta name=\"twitter:label2\" content=\"Est. reading time\" \/>\n\t<meta name=\"twitter:data2\" content=\"2 minutes\" \/>\n<script type=\"application\/ld+json\" class=\"yoast-schema-graph\">{\"@context\":\"https:\/\/schema.org\",\"@graph\":[{\"@type\":\"Article\",\"@id\":\"https:\/\/fadeu.urantiacos.cl\/en\/2019\/10\/21\/decanato-informa-6\/#article\",\"isPartOf\":{\"@id\":\"https:\/\/fadeu.urantiacos.cl\/en\/2019\/10\/21\/decanato-informa-6\/\"},\"author\":{\"name\":\"manadmin\",\"@id\":\"https:\/\/fadeu.urantiacos.cl\/en\/#\/schema\/person\/d203e2e84b1c40275eac77b3061a19a2\"},\"headline\":\"Decanato Informa 6\",\"datePublished\":\"2019-10-21T22:38:00+00:00\",\"dateModified\":\"2023-09-14T22:40:17+00:00\",\"mainEntityOfPage\":{\"@id\":\"https:\/\/fadeu.urantiacos.cl\/en\/2019\/10\/21\/decanato-informa-6\/\"},\"wordCount\":426,\"commentCount\":0,\"image\":{\"@id\":\"https:\/\/fadeu.urantiacos.cl\/en\/2019\/10\/21\/decanato-informa-6\/#primaryimage\"},\"thumbnailUrl\":\"https:\/\/fadeu.urantiacos.cl\/wp-content\/uploads\/2023\/09\/DECANATO_web2-2.jpg\",\"articleSection\":[\"Sin categorizar\"],\"inLanguage\":\"en-US\",\"potentialAction\":[{\"@type\":\"CommentAction\",\"name\":\"Comment\",\"target\":[\"https:\/\/fadeu.urantiacos.cl\/en\/2019\/10\/21\/decanato-informa-6\/#respond\"]}]},{\"@type\":\"WebPage\",\"@id\":\"https:\/\/fadeu.urantiacos.cl\/en\/2019\/10\/21\/decanato-informa-6\/\",\"url\":\"https:\/\/fadeu.urantiacos.cl\/en\/2019\/10\/21\/decanato-informa-6\/\",\"name\":\"Decanato Informa 6 - Facultad de Arquitectura, Dise\u00f1o y Estudios Urbanos\",\"isPartOf\":{\"@id\":\"https:\/\/fadeu.urantiacos.cl\/en\/#website\"},\"primaryImageOfPage\":{\"@id\":\"https:\/\/fadeu.urantiacos.cl\/en\/2019\/10\/21\/decanato-informa-6\/#primaryimage\"},\"image\":{\"@id\":\"https:\/\/fadeu.urantiacos.cl\/en\/2019\/10\/21\/decanato-informa-6\/#primaryimage\"},\"thumbnailUrl\":\"https:\/\/fadeu.urantiacos.cl\/wp-content\/uploads\/2023\/09\/DECANATO_web2-2.jpg\",\"datePublished\":\"2019-10-21T22:38:00+00:00\",\"dateModified\":\"2023-09-14T22:40:17+00:00\",\"author\":{\"@id\":\"https:\/\/fadeu.urantiacos.cl\/en\/#\/schema\/person\/d203e2e84b1c40275eac77b3061a19a2\"},\"description\":\"Estimada comunidad FADEU: Como Decanato de la Facultad de Arquitectura, Dise\u00f1o y Estudios Urbanos de la Universidad Cat\u00f3lica, no estamos ajenos a la situaci\u00f3n que aqueja hoy a la regi\u00f3n Metropolitana y a gran parte del pa\u00eds y, por ello, queremos compartir con ustedes la siguiente informaci\u00f3n:\",\"breadcrumb\":{\"@id\":\"https:\/\/fadeu.urantiacos.cl\/en\/2019\/10\/21\/decanato-informa-6\/#breadcrumb\"},\"inLanguage\":\"en-US\",\"potentialAction\":[{\"@type\":\"ReadAction\",\"target\":[\"https:\/\/fadeu.urantiacos.cl\/en\/2019\/10\/21\/decanato-informa-6\/\"]}]},{\"@type\":\"ImageObject\",\"inLanguage\":\"en-US\",\"@id\":\"https:\/\/fadeu.urantiacos.cl\/en\/2019\/10\/21\/decanato-informa-6\/#primaryimage\",\"url\":\"https:\/\/fadeu.urantiacos.cl\/wp-content\/uploads\/2023\/09\/DECANATO_web2-2.jpg\",\"contentUrl\":\"https:\/\/fadeu.urantiacos.cl\/wp-content\/uploads\/2023\/09\/DECANATO_web2-2.jpg\",\"width\":350,\"height\":250},{\"@type\":\"BreadcrumbList\",\"@id\":\"https:\/\/fadeu.urantiacos.cl\/en\/2019\/10\/21\/decanato-informa-6\/#breadcrumb\",\"itemListElement\":[{\"@type\":\"ListItem\",\"position\":1,\"name\":\"Portada\",\"item\":\"https:\/\/fadeu.urantiacos.cl\/en\/\"},{\"@type\":\"ListItem\",\"position\":2,\"name\":\"Decanato Informa 6\"}]},{\"@type\":\"WebSite\",\"@id\":\"https:\/\/fadeu.urantiacos.cl\/en\/#website\",\"url\":\"https:\/\/fadeu.urantiacos.cl\/en\/\",\"name\":\"Facultad de Arquitectura, Dise\u00f1o y Estudios Urbanos\",\"description\":\"Campus Lo Contador\",\"potentialAction\":[{\"@type\":\"SearchAction\",\"target\":{\"@type\":\"EntryPoint\",\"urlTemplate\":\"https:\/\/fadeu.urantiacos.cl\/en\/?s={search_term_string}\"},\"query-input\":{\"@type\":\"PropertyValueSpecification\",\"valueRequired\":true,\"valueName\":\"search_term_string\"}}],\"inLanguage\":\"en-US\"},{\"@type\":\"Person\",\"@id\":\"https:\/\/fadeu.urantiacos.cl\/en\/#\/schema\/person\/d203e2e84b1c40275eac77b3061a19a2\",\"name\":\"manadmin\",\"image\":{\"@type\":\"ImageObject\",\"inLanguage\":\"en-US\",\"@id\":\"https:\/\/fadeu.urantiacos.cl\/en\/#\/schema\/person\/image\/\",\"url\":\"https:\/\/secure.gravatar.com\/avatar\/4b1d8e3303b4a9d8968ac578947d8bc80d9aea359f388cdd4aac15cadc0e8447?s=96&d=mm&r=g\",\"contentUrl\":\"https:\/\/secure.gravatar.com\/avatar\/4b1d8e3303b4a9d8968ac578947d8bc80d9aea359f388cdd4aac15cadc0e8447?s=96&d=mm&r=g\",\"caption\":\"manadmin\"},\"sameAs\":[\"https:\/\/fadeu.urantiacos.cl\"]}]}<\/script>\n<!-- \/ Yoast SEO plugin. -->","yoast_head_json":{"title":"Decanato Informa 6 - Facultad de Arquitectura, Dise\u00f1o y Estudios Urbanos","description":"Estimada comunidad FADEU: Como Decanato de la Facultad de Arquitectura, Dise\u00f1o y Estudios Urbanos de la Universidad Cat\u00f3lica, no estamos ajenos a la situaci\u00f3n que aqueja hoy a la regi\u00f3n Metropolitana y a gran parte del pa\u00eds y, por ello, queremos compartir con ustedes la siguiente informaci\u00f3n:","robots":{"index":"index","follow":"follow","max-snippet":"max-snippet:-1","max-image-preview":"max-image-preview:large","max-video-preview":"max-video-preview:-1"},"canonical":"https:\/\/fadeu.urantiacos.cl\/en\/2019\/10\/21\/decanato-informa-6\/","og_locale":"en_US","og_type":"article","og_title":"Decanato Informa 6 - Facultad de Arquitectura, Dise\u00f1o y Estudios Urbanos","og_description":"Estimada comunidad FADEU: Como Decanato de la Facultad de Arquitectura, Dise\u00f1o y Estudios Urbanos de la Universidad Cat\u00f3lica, no estamos ajenos a la situaci\u00f3n que aqueja hoy a la regi\u00f3n Metropolitana y a gran parte del pa\u00eds y, por ello, queremos compartir con ustedes la siguiente informaci\u00f3n:","og_url":"https:\/\/fadeu.urantiacos.cl\/en\/2019\/10\/21\/decanato-informa-6\/","og_site_name":"Facultad de Arquitectura, Dise\u00f1o y Estudios Urbanos","article_published_time":"2019-10-21T22:38:00+00:00","article_modified_time":"2023-09-14T22:40:17+00:00","og_image":[{"width":350,"height":250,"url":"https:\/\/fadeu.urantiacos.cl\/wp-content\/uploads\/2023\/09\/DECANATO_web2-2.jpg","type":"image\/jpeg"}],"author":"manadmin","twitter_card":"summary_large_image","twitter_misc":{"Written by":"manadmin","Est. reading time":"2 minutes"},"schema":{"@context":"https:\/\/schema.org","@graph":[{"@type":"Article","@id":"https:\/\/fadeu.urantiacos.cl\/en\/2019\/10\/21\/decanato-informa-6\/#article","isPartOf":{"@id":"https:\/\/fadeu.urantiacos.cl\/en\/2019\/10\/21\/decanato-informa-6\/"},"author":{"name":"manadmin","@id":"https:\/\/fadeu.urantiacos.cl\/en\/#\/schema\/person\/d203e2e84b1c40275eac77b3061a19a2"},"headline":"Decanato Informa 6","datePublished":"2019-10-21T22:38:00+00:00","dateModified":"2023-09-14T22:40:17+00:00","mainEntityOfPage":{"@id":"https:\/\/fadeu.urantiacos.cl\/en\/2019\/10\/21\/decanato-informa-6\/"},"wordCount":426,"commentCount":0,"image":{"@id":"https:\/\/fadeu.urantiacos.cl\/en\/2019\/10\/21\/decanato-informa-6\/#primaryimage"},"thumbnailUrl":"https:\/\/fadeu.urantiacos.cl\/wp-content\/uploads\/2023\/09\/DECANATO_web2-2.jpg","articleSection":["Sin categorizar"],"inLanguage":"en-US","potentialAction":[{"@type":"CommentAction","name":"Comment","target":["https:\/\/fadeu.urantiacos.cl\/en\/2019\/10\/21\/decanato-informa-6\/#respond"]}]},{"@type":"WebPage","@id":"https:\/\/fadeu.urantiacos.cl\/en\/2019\/10\/21\/decanato-informa-6\/","url":"https:\/\/fadeu.urantiacos.cl\/en\/2019\/10\/21\/decanato-informa-6\/","name":"Decanato Informa 6 - Facultad de Arquitectura, Dise\u00f1o y Estudios Urbanos","isPartOf":{"@id":"https:\/\/fadeu.urantiacos.cl\/en\/#website"},"primaryImageOfPage":{"@id":"https:\/\/fadeu.urantiacos.cl\/en\/2019\/10\/21\/decanato-informa-6\/#primaryimage"},"image":{"@id":"https:\/\/fadeu.urantiacos.cl\/en\/2019\/10\/21\/decanato-informa-6\/#primaryimage"},"thumbnailUrl":"https:\/\/fadeu.urantiacos.cl\/wp-content\/uploads\/2023\/09\/DECANATO_web2-2.jpg","datePublished":"2019-10-21T22:38:00+00:00","dateModified":"2023-09-14T22:40:17+00:00","author":{"@id":"https:\/\/fadeu.urantiacos.cl\/en\/#\/schema\/person\/d203e2e84b1c40275eac77b3061a19a2"},"description":"Estimada comunidad FADEU: Como Decanato de la Facultad de Arquitectura, Dise\u00f1o y Estudios Urbanos de la Universidad Cat\u00f3lica, no estamos ajenos a la situaci\u00f3n que aqueja hoy a la regi\u00f3n Metropolitana y a gran parte del pa\u00eds y, por ello, queremos compartir con ustedes la siguiente informaci\u00f3n:","breadcrumb":{"@id":"https:\/\/fadeu.urantiacos.cl\/en\/2019\/10\/21\/decanato-informa-6\/#breadcrumb"},"inLanguage":"en-US","potentialAction":[{"@type":"ReadAction","target":["https:\/\/fadeu.urantiacos.cl\/en\/2019\/10\/21\/decanato-informa-6\/"]}]},{"@type":"ImageObject","inLanguage":"en-US","@id":"https:\/\/fadeu.urantiacos.cl\/en\/2019\/10\/21\/decanato-informa-6\/#primaryimage","url":"https:\/\/fadeu.urantiacos.cl\/wp-content\/uploads\/2023\/09\/DECANATO_web2-2.jpg","contentUrl":"https:\/\/fadeu.urantiacos.cl\/wp-content\/uploads\/2023\/09\/DECANATO_web2-2.jpg","width":350,"height":250},{"@type":"BreadcrumbList","@id":"https:\/\/fadeu.urantiacos.cl\/en\/2019\/10\/21\/decanato-informa-6\/#breadcrumb","itemListElement":[{"@type":"ListItem","position":1,"name":"Portada","item":"https:\/\/fadeu.urantiacos.cl\/en\/"},{"@type":"ListItem","position":2,"name":"Decanato Informa 6"}]},{"@type":"WebSite","@id":"https:\/\/fadeu.urantiacos.cl\/en\/#website","url":"https:\/\/fadeu.urantiacos.cl\/en\/","name":"Facultad de Arquitectura, Dise\u00f1o y Estudios Urbanos","description":"Campus Lo Contador","potentialAction":[{"@type":"SearchAction","target":{"@type":"EntryPoint","urlTemplate":"https:\/\/fadeu.urantiacos.cl\/en\/?s={search_term_string}"},"query-input":{"@type":"PropertyValueSpecification","valueRequired":true,"valueName":"search_term_string"}}],"inLanguage":"en-US"},{"@type":"Person","@id":"https:\/\/fadeu.urantiacos.cl\/en\/#\/schema\/person\/d203e2e84b1c40275eac77b3061a19a2","name":"manadmin","image":{"@type":"ImageObject","inLanguage":"en-US","@id":"https:\/\/fadeu.urantiacos.cl\/en\/#\/schema\/person\/image\/","url":"https:\/\/secure.gravatar.com\/avatar\/4b1d8e3303b4a9d8968ac578947d8bc80d9aea359f388cdd4aac15cadc0e8447?s=96&d=mm&r=g","contentUrl":"https:\/\/secure.gravatar.com\/avatar\/4b1d8e3303b4a9d8968ac578947d8bc80d9aea359f388cdd4aac15cadc0e8447?s=96&d=mm&r=g","caption":"manadmin"},"sameAs":["https:\/\/fadeu.urantiacos.cl"]}]}},"_links":{"self":[{"href":"https:\/\/fadeu.urantiacos.cl\/en\/wp-json\/wp\/v2\/posts\/10065","targetHints":{"allow":["GET"]}}],"collection":[{"href":"https:\/\/fadeu.urantiacos.cl\/en\/wp-json\/wp\/v2\/posts"}],"about":[{"href":"https:\/\/fadeu.urantiacos.cl\/en\/wp-json\/wp\/v2\/types\/post"}],"author":[{"embeddable":true,"href":"https:\/\/fadeu.urantiacos.cl\/en\/wp-json\/wp\/v2\/users\/1"}],"replies":[{"embeddable":true,"href":"https:\/\/fadeu.urantiacos.cl\/en\/wp-json\/wp\/v2\/comments?post=10065"}],"version-history":[{"count":1,"href":"https:\/\/fadeu.urantiacos.cl\/en\/wp-json\/wp\/v2\/posts\/10065\/revisions"}],"predecessor-version":[{"id":10067,"href":"https:\/\/fadeu.urantiacos.cl\/en\/wp-json\/wp\/v2\/posts\/10065\/revisions\/10067"}],"wp:featuredmedia":[{"embeddable":true,"href":"https:\/\/fadeu.urantiacos.cl\/en\/wp-json\/wp\/v2\/media\/10066"}],"wp:attachment":[{"href":"https:\/\/fadeu.urantiacos.cl\/en\/wp-json\/wp\/v2\/media?parent=10065"}],"wp:term":[{"taxonomy":"category","embeddable":true,"href":"https:\/\/fadeu.urantiacos.cl\/en\/wp-json\/wp\/v2\/categories?post=10065"},{"taxonomy":"post_tag","embeddable":true,"href":"https:\/\/fadeu.urantiacos.cl\/en\/wp-json\/wp\/v2\/tags?post=10065"}],"curies":[{"name":"wp","href":"https:\/\/api.w.org\/{rel}","templated":true}]}}