{"id":10056,"date":"2019-10-23T19:33:00","date_gmt":"2019-10-23T22:33:00","guid":{"rendered":"https:\/\/fadeu.urantiacos.cl\/?p=10056"},"modified":"2023-09-14T19:35:04","modified_gmt":"2023-09-14T22:35:04","slug":"decanato-informa-8","status":"publish","type":"post","link":"https:\/\/fadeu.urantiacos.cl\/en\/2019\/10\/23\/decanato-informa-8\/","title":{"rendered":"Decanato Informa 8"},"content":{"rendered":"\n<figure class=\"wp-block-image size-full\"><img decoding=\"async\" width=\"350\" height=\"250\" src=\"https:\/\/fadeu.urantiacos.cl\/wp-content\/uploads\/2023\/09\/fotos1.jpg\" alt=\"\" class=\"wp-image-10057\" srcset=\"https:\/\/fadeu.urantiacos.cl\/wp-content\/uploads\/2023\/09\/fotos1.jpg 350w, https:\/\/fadeu.urantiacos.cl\/wp-content\/uploads\/2023\/09\/fotos1-300x214.jpg 300w\" sizes=\"(max-width: 350px) 100vw, 350px\" \/><\/figure>\n\n\n\n<p>1. Las clases lectivas que finalizaban el 22 de noviembre en la Universidad, se extender\u00e1n hasta el 28 del mismo mes, por encargo de la Vicerrector\u00eda Acad\u00e9mica. Para ello, las subdirecciones acad\u00e9micas de las unidades deber\u00e1n revisar su calendario. Existir\u00e1, adem\u00e1s, la posibilidad de recuperar clases los d\u00edas s\u00e1bado, en horarios que profesores y estudiantes acuerden.<\/p>\n\n\n\n<p>2. A\u00fan cuando hemos informado ayer que las actividades administrativas y profesionales de nuestro campus se retomar\u00e1n los d\u00edas jueves 24 y viernes 25 de este mes, entre las 10 y las 16 horas, entenderemos y justificaremos todos aquellos casos de quienes, por distintos motivos no puedan hacerlo.<\/p>\n\n\n\n<p>3. Las clases lectivas se retomar\u00e1n el lunes 28 del presente mes. En caso de que ello no sea posible, se informar\u00e1 oportunamente por este medio.<\/p>\n\n\n\n<p>Valoramos much\u00edsimo las asambleas convocadas por las Escuelas de Arquitectura y Dise\u00f1o, y el Instituto de Estudios Urbanos para el d\u00eda de ma\u00f1ana. Esperamos que de ellas se puedan extraer acciones y conclusiones concretas, para aportar desde nuestras disciplinas en estos momentos complejos. Esperamos como Facultad tener estos insumos para reflexiones transversales, que esperamos programar cuando las condiciones lo permitan.<\/p>\n\n\n\n<p>Seguiremos informando por esta v\u00eda y por nuestras redes sociales, como hemos hechos hasta hoy, sobre los comunicados oficiales de la UC y cualquier cambio que se suscite al respecto.<\/p>\n\n\n\n<p>Se despide atentamente,<\/p>\n\n\n\n<p>Mario Ubilla&nbsp;<br>Decano<br>Facultad de Arquitectura, Dise\u00f1o y Estudios Urbanos<\/p>\n","protected":false},"excerpt":{"rendered":"<p>Estimada comunidad FADEU:<\/p>\n<p>A trav\u00e9s de la presente, queremos hacerles llegar informaci\u00f3n que es relevante para nuestra comunidad acad\u00e9mica:<\/p>\n","protected":false},"author":1,"featured_media":10057,"comment_status":"open","ping_status":"open","sticky":false,"template":"","format":"standard","meta":{"_acf_changed":false,"footnotes":""},"categories":[1],"tags":[],"class_list":["post-10056","post","type-post","status-publish","format-standard","has-post-thumbnail","hentry","category-sin-categorizar"],"acf":[],"yoast_head":"<!-- This site is optimized with the Yoast SEO plugin v27.1.1 - https:\/\/yoast.com\/product\/yoast-seo-wordpress\/ -->\n<title>Decanato Informa 8 - Facultad de Arquitectura, Dise\u00f1o y Estudios Urbanos<\/title>\n<meta name=\"description\" content=\"Estimada comunidad FADEU: A trav\u00e9s de la presente, queremos hacerles llegar informaci\u00f3n que es relevante para nuestra comunidad acad\u00e9mica:\" \/>\n<meta name=\"robots\" content=\"index, follow, max-snippet:-1, max-image-preview:large, max-video-preview:-1\" \/>\n<link rel=\"canonical\" href=\"https:\/\/fadeu.urantiacos.cl\/en\/2019\/10\/23\/decanato-informa-8\/\" \/>\n<meta property=\"og:locale\" content=\"en_US\" \/>\n<meta property=\"og:type\" content=\"article\" \/>\n<meta property=\"og:title\" content=\"Decanato Informa 8 - Facultad de Arquitectura, Dise\u00f1o y Estudios Urbanos\" \/>\n<meta property=\"og:description\" content=\"Estimada comunidad FADEU: A trav\u00e9s de la presente, queremos hacerles llegar informaci\u00f3n que es relevante para nuestra comunidad acad\u00e9mica:\" \/>\n<meta property=\"og:url\" content=\"https:\/\/fadeu.urantiacos.cl\/en\/2019\/10\/23\/decanato-informa-8\/\" \/>\n<meta property=\"og:site_name\" content=\"Facultad de Arquitectura, Dise\u00f1o y Estudios Urbanos\" \/>\n<meta property=\"article:published_time\" content=\"2019-10-23T22:33:00+00:00\" \/>\n<meta property=\"article:modified_time\" content=\"2023-09-14T22:35:04+00:00\" \/>\n<meta property=\"og:image\" content=\"https:\/\/fadeu.urantiacos.cl\/wp-content\/uploads\/2023\/09\/fotos1.jpg\" \/>\n\t<meta property=\"og:image:width\" content=\"350\" \/>\n\t<meta property=\"og:image:height\" content=\"250\" \/>\n\t<meta property=\"og:image:type\" content=\"image\/jpeg\" \/>\n<meta name=\"author\" content=\"manadmin\" \/>\n<meta name=\"twitter:card\" content=\"summary_large_image\" \/>\n<meta name=\"twitter:label1\" content=\"Written by\" \/>\n\t<meta name=\"twitter:data1\" content=\"manadmin\" \/>\n\t<meta name=\"twitter:label2\" content=\"Est. reading time\" \/>\n\t<meta name=\"twitter:data2\" content=\"1 minute\" \/>\n<script type=\"application\/ld+json\" class=\"yoast-schema-graph\">{\"@context\":\"https:\/\/schema.org\",\"@graph\":[{\"@type\":\"Article\",\"@id\":\"https:\/\/fadeu.urantiacos.cl\/en\/2019\/10\/23\/decanato-informa-8\/#article\",\"isPartOf\":{\"@id\":\"https:\/\/fadeu.urantiacos.cl\/en\/2019\/10\/23\/decanato-informa-8\/\"},\"author\":{\"name\":\"manadmin\",\"@id\":\"https:\/\/fadeu.urantiacos.cl\/en\/#\/schema\/person\/d203e2e84b1c40275eac77b3061a19a2\"},\"headline\":\"Decanato Informa 8\",\"datePublished\":\"2019-10-23T22:33:00+00:00\",\"dateModified\":\"2023-09-14T22:35:04+00:00\",\"mainEntityOfPage\":{\"@id\":\"https:\/\/fadeu.urantiacos.cl\/en\/2019\/10\/23\/decanato-informa-8\/\"},\"wordCount\":243,\"commentCount\":0,\"image\":{\"@id\":\"https:\/\/fadeu.urantiacos.cl\/en\/2019\/10\/23\/decanato-informa-8\/#primaryimage\"},\"thumbnailUrl\":\"https:\/\/fadeu.urantiacos.cl\/wp-content\/uploads\/2023\/09\/fotos1.jpg\",\"articleSection\":[\"Sin categorizar\"],\"inLanguage\":\"en-US\",\"potentialAction\":[{\"@type\":\"CommentAction\",\"name\":\"Comment\",\"target\":[\"https:\/\/fadeu.urantiacos.cl\/en\/2019\/10\/23\/decanato-informa-8\/#respond\"]}]},{\"@type\":\"WebPage\",\"@id\":\"https:\/\/fadeu.urantiacos.cl\/en\/2019\/10\/23\/decanato-informa-8\/\",\"url\":\"https:\/\/fadeu.urantiacos.cl\/en\/2019\/10\/23\/decanato-informa-8\/\",\"name\":\"Decanato Informa 8 - Facultad de Arquitectura, Dise\u00f1o y Estudios Urbanos\",\"isPartOf\":{\"@id\":\"https:\/\/fadeu.urantiacos.cl\/en\/#website\"},\"primaryImageOfPage\":{\"@id\":\"https:\/\/fadeu.urantiacos.cl\/en\/2019\/10\/23\/decanato-informa-8\/#primaryimage\"},\"image\":{\"@id\":\"https:\/\/fadeu.urantiacos.cl\/en\/2019\/10\/23\/decanato-informa-8\/#primaryimage\"},\"thumbnailUrl\":\"https:\/\/fadeu.urantiacos.cl\/wp-content\/uploads\/2023\/09\/fotos1.jpg\",\"datePublished\":\"2019-10-23T22:33:00+00:00\",\"dateModified\":\"2023-09-14T22:35:04+00:00\",\"author\":{\"@id\":\"https:\/\/fadeu.urantiacos.cl\/en\/#\/schema\/person\/d203e2e84b1c40275eac77b3061a19a2\"},\"description\":\"Estimada comunidad FADEU: A trav\u00e9s de la presente, queremos hacerles llegar informaci\u00f3n que es relevante para nuestra comunidad acad\u00e9mica:\",\"breadcrumb\":{\"@id\":\"https:\/\/fadeu.urantiacos.cl\/en\/2019\/10\/23\/decanato-informa-8\/#breadcrumb\"},\"inLanguage\":\"en-US\",\"potentialAction\":[{\"@type\":\"ReadAction\",\"target\":[\"https:\/\/fadeu.urantiacos.cl\/en\/2019\/10\/23\/decanato-informa-8\/\"]}]},{\"@type\":\"ImageObject\",\"inLanguage\":\"en-US\",\"@id\":\"https:\/\/fadeu.urantiacos.cl\/en\/2019\/10\/23\/decanato-informa-8\/#primaryimage\",\"url\":\"https:\/\/fadeu.urantiacos.cl\/wp-content\/uploads\/2023\/09\/fotos1.jpg\",\"contentUrl\":\"https:\/\/fadeu.urantiacos.cl\/wp-content\/uploads\/2023\/09\/fotos1.jpg\",\"width\":350,\"height\":250},{\"@type\":\"BreadcrumbList\",\"@id\":\"https:\/\/fadeu.urantiacos.cl\/en\/2019\/10\/23\/decanato-informa-8\/#breadcrumb\",\"itemListElement\":[{\"@type\":\"ListItem\",\"position\":1,\"name\":\"Portada\",\"item\":\"https:\/\/fadeu.urantiacos.cl\/en\/\"},{\"@type\":\"ListItem\",\"position\":2,\"name\":\"Decanato Informa 8\"}]},{\"@type\":\"WebSite\",\"@id\":\"https:\/\/fadeu.urantiacos.cl\/en\/#website\",\"url\":\"https:\/\/fadeu.urantiacos.cl\/en\/\",\"name\":\"Facultad de Arquitectura, Dise\u00f1o y Estudios Urbanos\",\"description\":\"Campus Lo Contador\",\"potentialAction\":[{\"@type\":\"SearchAction\",\"target\":{\"@type\":\"EntryPoint\",\"urlTemplate\":\"https:\/\/fadeu.urantiacos.cl\/en\/?s={search_term_string}\"},\"query-input\":{\"@type\":\"PropertyValueSpecification\",\"valueRequired\":true,\"valueName\":\"search_term_string\"}}],\"inLanguage\":\"en-US\"},{\"@type\":\"Person\",\"@id\":\"https:\/\/fadeu.urantiacos.cl\/en\/#\/schema\/person\/d203e2e84b1c40275eac77b3061a19a2\",\"name\":\"manadmin\",\"image\":{\"@type\":\"ImageObject\",\"inLanguage\":\"en-US\",\"@id\":\"https:\/\/fadeu.urantiacos.cl\/en\/#\/schema\/person\/image\/\",\"url\":\"https:\/\/secure.gravatar.com\/avatar\/4b1d8e3303b4a9d8968ac578947d8bc80d9aea359f388cdd4aac15cadc0e8447?s=96&d=mm&r=g\",\"contentUrl\":\"https:\/\/secure.gravatar.com\/avatar\/4b1d8e3303b4a9d8968ac578947d8bc80d9aea359f388cdd4aac15cadc0e8447?s=96&d=mm&r=g\",\"caption\":\"manadmin\"},\"sameAs\":[\"https:\/\/fadeu.urantiacos.cl\"]}]}<\/script>\n<!-- \/ Yoast SEO plugin. -->","yoast_head_json":{"title":"Decanato Informa 8 - Facultad de Arquitectura, Dise\u00f1o y Estudios Urbanos","description":"Estimada comunidad FADEU: A trav\u00e9s de la presente, queremos hacerles llegar informaci\u00f3n que es relevante para nuestra comunidad acad\u00e9mica:","robots":{"index":"index","follow":"follow","max-snippet":"max-snippet:-1","max-image-preview":"max-image-preview:large","max-video-preview":"max-video-preview:-1"},"canonical":"https:\/\/fadeu.urantiacos.cl\/en\/2019\/10\/23\/decanato-informa-8\/","og_locale":"en_US","og_type":"article","og_title":"Decanato Informa 8 - Facultad de Arquitectura, Dise\u00f1o y Estudios Urbanos","og_description":"Estimada comunidad FADEU: A trav\u00e9s de la presente, queremos hacerles llegar informaci\u00f3n que es relevante para nuestra comunidad acad\u00e9mica:","og_url":"https:\/\/fadeu.urantiacos.cl\/en\/2019\/10\/23\/decanato-informa-8\/","og_site_name":"Facultad de Arquitectura, Dise\u00f1o y Estudios Urbanos","article_published_time":"2019-10-23T22:33:00+00:00","article_modified_time":"2023-09-14T22:35:04+00:00","og_image":[{"width":350,"height":250,"url":"https:\/\/fadeu.urantiacos.cl\/wp-content\/uploads\/2023\/09\/fotos1.jpg","type":"image\/jpeg"}],"author":"manadmin","twitter_card":"summary_large_image","twitter_misc":{"Written by":"manadmin","Est. reading time":"1 minute"},"schema":{"@context":"https:\/\/schema.org","@graph":[{"@type":"Article","@id":"https:\/\/fadeu.urantiacos.cl\/en\/2019\/10\/23\/decanato-informa-8\/#article","isPartOf":{"@id":"https:\/\/fadeu.urantiacos.cl\/en\/2019\/10\/23\/decanato-informa-8\/"},"author":{"name":"manadmin","@id":"https:\/\/fadeu.urantiacos.cl\/en\/#\/schema\/person\/d203e2e84b1c40275eac77b3061a19a2"},"headline":"Decanato Informa 8","datePublished":"2019-10-23T22:33:00+00:00","dateModified":"2023-09-14T22:35:04+00:00","mainEntityOfPage":{"@id":"https:\/\/fadeu.urantiacos.cl\/en\/2019\/10\/23\/decanato-informa-8\/"},"wordCount":243,"commentCount":0,"image":{"@id":"https:\/\/fadeu.urantiacos.cl\/en\/2019\/10\/23\/decanato-informa-8\/#primaryimage"},"thumbnailUrl":"https:\/\/fadeu.urantiacos.cl\/wp-content\/uploads\/2023\/09\/fotos1.jpg","articleSection":["Sin categorizar"],"inLanguage":"en-US","potentialAction":[{"@type":"CommentAction","name":"Comment","target":["https:\/\/fadeu.urantiacos.cl\/en\/2019\/10\/23\/decanato-informa-8\/#respond"]}]},{"@type":"WebPage","@id":"https:\/\/fadeu.urantiacos.cl\/en\/2019\/10\/23\/decanato-informa-8\/","url":"https:\/\/fadeu.urantiacos.cl\/en\/2019\/10\/23\/decanato-informa-8\/","name":"Decanato Informa 8 - Facultad de Arquitectura, Dise\u00f1o y Estudios Urbanos","isPartOf":{"@id":"https:\/\/fadeu.urantiacos.cl\/en\/#website"},"primaryImageOfPage":{"@id":"https:\/\/fadeu.urantiacos.cl\/en\/2019\/10\/23\/decanato-informa-8\/#primaryimage"},"image":{"@id":"https:\/\/fadeu.urantiacos.cl\/en\/2019\/10\/23\/decanato-informa-8\/#primaryimage"},"thumbnailUrl":"https:\/\/fadeu.urantiacos.cl\/wp-content\/uploads\/2023\/09\/fotos1.jpg","datePublished":"2019-10-23T22:33:00+00:00","dateModified":"2023-09-14T22:35:04+00:00","author":{"@id":"https:\/\/fadeu.urantiacos.cl\/en\/#\/schema\/person\/d203e2e84b1c40275eac77b3061a19a2"},"description":"Estimada comunidad FADEU: A trav\u00e9s de la presente, queremos hacerles llegar informaci\u00f3n que es relevante para nuestra comunidad acad\u00e9mica:","breadcrumb":{"@id":"https:\/\/fadeu.urantiacos.cl\/en\/2019\/10\/23\/decanato-informa-8\/#breadcrumb"},"inLanguage":"en-US","potentialAction":[{"@type":"ReadAction","target":["https:\/\/fadeu.urantiacos.cl\/en\/2019\/10\/23\/decanato-informa-8\/"]}]},{"@type":"ImageObject","inLanguage":"en-US","@id":"https:\/\/fadeu.urantiacos.cl\/en\/2019\/10\/23\/decanato-informa-8\/#primaryimage","url":"https:\/\/fadeu.urantiacos.cl\/wp-content\/uploads\/2023\/09\/fotos1.jpg","contentUrl":"https:\/\/fadeu.urantiacos.cl\/wp-content\/uploads\/2023\/09\/fotos1.jpg","width":350,"height":250},{"@type":"BreadcrumbList","@id":"https:\/\/fadeu.urantiacos.cl\/en\/2019\/10\/23\/decanato-informa-8\/#breadcrumb","itemListElement":[{"@type":"ListItem","position":1,"name":"Portada","item":"https:\/\/fadeu.urantiacos.cl\/en\/"},{"@type":"ListItem","position":2,"name":"Decanato Informa 8"}]},{"@type":"WebSite","@id":"https:\/\/fadeu.urantiacos.cl\/en\/#website","url":"https:\/\/fadeu.urantiacos.cl\/en\/","name":"Facultad de Arquitectura, Dise\u00f1o y Estudios Urbanos","description":"Campus Lo Contador","potentialAction":[{"@type":"SearchAction","target":{"@type":"EntryPoint","urlTemplate":"https:\/\/fadeu.urantiacos.cl\/en\/?s={search_term_string}"},"query-input":{"@type":"PropertyValueSpecification","valueRequired":true,"valueName":"search_term_string"}}],"inLanguage":"en-US"},{"@type":"Person","@id":"https:\/\/fadeu.urantiacos.cl\/en\/#\/schema\/person\/d203e2e84b1c40275eac77b3061a19a2","name":"manadmin","image":{"@type":"ImageObject","inLanguage":"en-US","@id":"https:\/\/fadeu.urantiacos.cl\/en\/#\/schema\/person\/image\/","url":"https:\/\/secure.gravatar.com\/avatar\/4b1d8e3303b4a9d8968ac578947d8bc80d9aea359f388cdd4aac15cadc0e8447?s=96&d=mm&r=g","contentUrl":"https:\/\/secure.gravatar.com\/avatar\/4b1d8e3303b4a9d8968ac578947d8bc80d9aea359f388cdd4aac15cadc0e8447?s=96&d=mm&r=g","caption":"manadmin"},"sameAs":["https:\/\/fadeu.urantiacos.cl"]}]}},"_links":{"self":[{"href":"https:\/\/fadeu.urantiacos.cl\/en\/wp-json\/wp\/v2\/posts\/10056","targetHints":{"allow":["GET"]}}],"collection":[{"href":"https:\/\/fadeu.urantiacos.cl\/en\/wp-json\/wp\/v2\/posts"}],"about":[{"href":"https:\/\/fadeu.urantiacos.cl\/en\/wp-json\/wp\/v2\/types\/post"}],"author":[{"embeddable":true,"href":"https:\/\/fadeu.urantiacos.cl\/en\/wp-json\/wp\/v2\/users\/1"}],"replies":[{"embeddable":true,"href":"https:\/\/fadeu.urantiacos.cl\/en\/wp-json\/wp\/v2\/comments?post=10056"}],"version-history":[{"count":1,"href":"https:\/\/fadeu.urantiacos.cl\/en\/wp-json\/wp\/v2\/posts\/10056\/revisions"}],"predecessor-version":[{"id":10058,"href":"https:\/\/fadeu.urantiacos.cl\/en\/wp-json\/wp\/v2\/posts\/10056\/revisions\/10058"}],"wp:featuredmedia":[{"embeddable":true,"href":"https:\/\/fadeu.urantiacos.cl\/en\/wp-json\/wp\/v2\/media\/10057"}],"wp:attachment":[{"href":"https:\/\/fadeu.urantiacos.cl\/en\/wp-json\/wp\/v2\/media?parent=10056"}],"wp:term":[{"taxonomy":"category","embeddable":true,"href":"https:\/\/fadeu.urantiacos.cl\/en\/wp-json\/wp\/v2\/categories?post=10056"},{"taxonomy":"post_tag","embeddable":true,"href":"https:\/\/fadeu.urantiacos.cl\/en\/wp-json\/wp\/v2\/tags?post=10056"}],"curies":[{"name":"wp","href":"https:\/\/api.w.org\/{rel}","templated":true}]}}